{"id":907,"date":"2025-09-15T15:45:12","date_gmt":"2025-09-15T18:45:12","guid":{"rendered":"https:\/\/bindi.world\/blog\/?p=907"},"modified":"2025-10-15T14:31:33","modified_gmt":"2025-10-15T17:31:33","slug":"la-eleccion-y-la-transformacion-personal","status":"publish","type":"post","link":"https:\/\/bindi.world\/la-eleccion-y-la-transformacion-personal\/","title":{"rendered":"La elecci\u00f3n y la transformaci\u00f3n personal"},"content":{"rendered":"\n<h2 class=\"wp-block-heading\">\u00bfC\u00f3mo podemos elegir desde un lugar m\u00e1s consciente?<\/h2>\n\n\n\n<p>En cada etapa de la vida, cuando enfrentamos momentos dif\u00edciles, se nos presenta la oportunidad de elegir. Podemos explorar nuestra existencia y cambiar la direcci\u00f3n de nuestro camino. Ya sea en momentos dif\u00edciles o de tranquilidad, llegamos a una encrucijada donde nuestras decisiones impulsan nuestra transformaci\u00f3n personal.<\/p>\n\n\n\n<p>Nuestras elecciones, incluso las m\u00e1s autom\u00e1ticas, influyen profundamente en nuestra realidad.<\/p>\n\n\n\n<p>A lo largo de la historia, las crisis no siempre nos salvan autom\u00e1ticamente, pero s\u00ed nos ofrecen la oportunidad de elegir conscientemente. Cuando todo parece desmoronarse, podemos examinar nuestras elecciones pasadas y creencias arraigadas. Desde esta introspecci\u00f3n, podemos dar forma a un futuro m\u00e1s aut\u00e9ntico.<\/p>\n\n\n\n<p>Durante la pandemia, la humanidad se encontr\u00f3 en una situaci\u00f3n \u00fanica. Las tendencias hacia el aislamiento, la dependencia de la tecnolog\u00eda y la p\u00e9rdida de conexiones personales se hicieron m\u00e1s evidentes. Las elecciones inconscientes que nos llevaron a este punto quedaron al descubierto, mostr\u00e1ndonos un posible futuro extremo.<\/p>\n\n\n\n<figure class=\"wp-block-image aligncenter size-full is-resized\"><img loading=\"lazy\" decoding=\"async\" width=\"544\" height=\"606\" src=\"https:\/\/bindi.world\/wp-content\/uploads\/2025\/09\/la-eleccion-y-la-transformacion-personal_ilustracion.jpg\" alt=\"\" class=\"wp-image-908\" style=\"width:418px;height:auto\" srcset=\"https:\/\/bindi.world\/wp-content\/uploads\/2025\/09\/la-eleccion-y-la-transformacion-personal_ilustracion.jpg 544w, https:\/\/bindi.world\/wp-content\/uploads\/2025\/09\/la-eleccion-y-la-transformacion-personal_ilustracion-269x300.jpg 269w\" sizes=\"auto, (max-width: 544px) 100vw, 544px\" \/><\/figure>\n\n\n\n<p>En este proceso de elecci\u00f3n, tambi\u00e9n se destaca la importancia de cuestionar nuestras creencias arraigadas. Para lograr una transformaci\u00f3n real, debemos desafiar las creencias que forman la base de nuestro actual modo de vida. La pregunta persistente es: \u00bfestamos dispuestos a dejar atr\u00e1s lo conocido y abrazar la posibilidad de un renacimiento personal y colectivo?<\/p>\n\n\n\n<p>Este llamado a la reflexi\u00f3n y acci\u00f3n nos recuerda que, aunque las crisis pueden ser poderosos impulsores, la elecci\u00f3n consciente siempre est\u00e1 presente. M\u00e1s all\u00e1 de los momentos dif\u00edciles, una verdad innegable emerge: la elecci\u00f3n no tiene fondo. Solo se convierte en fondo cuando elegimos levantarnos desde ah\u00ed.<\/p>\n\n\n\n<p>En cada paso de la vida, enfrentamos decisiones, incluso las aparentemente peque\u00f1as. La conciencia de nuestras elecciones nos da poder, nos permite superar los l\u00edmites que nosotros mismos nos imponemos y moldear un destino que refleje nuestra verdadera esencia.<\/p>\n\n\n\n<p>As\u00ed, en este viaje de autodescubrimiento y transformaci\u00f3n, recordamos que la verdadera libertad reside en elegir conscientemente.<\/p>\n","protected":false},"excerpt":{"rendered":"<p>\u00bfC\u00f3mo podemos elegir desde un lugar m\u00e1s consciente?<\/p>\n","protected":false},"author":5,"featured_media":909,"comment_status":"open","ping_status":"open","sticky":false,"template":"","format":"standard","meta":{"_price":"","_stock":"","_tribe_ticket_header":"","_tribe_default_ticket_provider":"","_ticket_start_date":"","_ticket_end_date":"","_tribe_ticket_show_description":"","_tribe_ticket_show_not_going":false,"_tribe_ticket_use_global_stock":"","_tribe_ticket_global_stock_level":"","_global_stock_mode":"","_global_stock_cap":"","_tribe_rsvp_for_event":"","_tribe_ticket_going_count":"","_tribe_ticket_not_going_count":"","_tribe_tickets_list":"[]","_tribe_ticket_has_attendee_info_fields":false,"_EventAllDay":false,"_EventTimezone":"","_EventStartDate":"","_EventEndDate":"","_EventStartDateUTC":"","_EventEndDateUTC":"","_EventShowMap":false,"_EventShowMapLink":false,"_EventURL":"","_EventCost":"","_EventCostDescription":"","_EventCurrencySymbol":"","_EventCurrencyCode":"","_EventCurrencyPosition":"","_EventDateTimeSeparator":"","_EventTimeRangeSeparator":"","_EventOrganizerID":[],"_EventVenueID":[],"_OrganizerEmail":"","_OrganizerPhone":"","_OrganizerWebsite":"","_VenueAddress":"","_VenueCity":"","_VenueCountry":"","_VenueProvince":"","_VenueState":"","_VenueZip":"","_VenuePhone":"","_VenueURL":"","_VenueStateProvince":"","_VenueLat":"","_VenueLng":"","_VenueShowMap":false,"_VenueShowMapLink":false,"footnotes":""},"categories":[25],"tags":[103,59,105,104,108,107,106],"class_list":["post-907","post","type-post","status-publish","format-standard","has-post-thumbnail","hentry","category-holistik","tag-cambio","tag-conciencia","tag-crecimiento","tag-elecciones","tag-libertad","tag-resiliencia","tag-transformacion"],"_links":{"self":[{"href":"https:\/\/bindi.world\/wp-json\/wp\/v2\/posts\/907","targetHints":{"allow":["GET"]}}],"collection":[{"href":"https:\/\/bindi.world\/wp-json\/wp\/v2\/posts"}],"about":[{"href":"https:\/\/bindi.world\/wp-json\/wp\/v2\/types\/post"}],"author":[{"embeddable":true,"href":"https:\/\/bindi.world\/wp-json\/wp\/v2\/users\/5"}],"replies":[{"embeddable":true,"href":"https:\/\/bindi.world\/wp-json\/wp\/v2\/comments?post=907"}],"version-history":[{"count":3,"href":"https:\/\/bindi.world\/wp-json\/wp\/v2\/posts\/907\/revisions"}],"predecessor-version":[{"id":1169,"href":"https:\/\/bindi.world\/wp-json\/wp\/v2\/posts\/907\/revisions\/1169"}],"wp:featuredmedia":[{"embeddable":true,"href":"https:\/\/bindi.world\/wp-json\/wp\/v2\/media\/909"}],"wp:attachment":[{"href":"https:\/\/bindi.world\/wp-json\/wp\/v2\/media?parent=907"}],"wp:term":[{"taxonomy":"category","embeddable":true,"href":"https:\/\/bindi.world\/wp-json\/wp\/v2\/categories?post=907"},{"taxonomy":"post_tag","embeddable":true,"href":"https:\/\/bindi.world\/wp-json\/wp\/v2\/tags?post=907"}],"curies":[{"name":"wp","href":"https:\/\/api.w.org\/{rel}","templated":true}]}}